
{"id":13834,"date":"2019-09-03T06:46:49","date_gmt":"2019-09-03T06:46:49","guid":{"rendered":"https:\/\/www.marvi93.com\/?p=13834"},"modified":"2021-01-19T12:04:42","modified_gmt":"2021-01-19T11:04:42","slug":"el-efecto-verano","status":"publish","type":"post","link":"https:\/\/www.marvi93.com\/es\/el-efecto-verano\/","title":{"rendered":"El efecto verano"},"content":{"rendered":"<p style=\"text-align: justify;\">Los estresantes d\u00edas de invierno, el trabajo, el gimnasio, los extraescolares de los ni\u00f1os, la rutina en casa, las salidas de fin de semana, las confidencias de las amigas\u2026 es gratificante, pero tambi\u00e9n muy y muy estresante\u2026<\/p>\n<p style=\"text-align: justify;\">Uff!! Es un placer pensar en \u201cno pensar en nada\u2026 \u00a1nada de nada!\u201c esto es lo que pretendo hacer este verano\u2026 \u00a1Esto har\u00e9 en mis vacaciones!<\/p>\n<p style=\"text-align: justify;\">Bien, no s\u00e9 qu\u00e9 pasa que siempre pienso en lo mismo, no s\u00e9 por qu\u00e9 narices no consigo realizar mi sue\u00f1o\u2026 \u00bfpido tanto? \u00a1Yo lo ve\u00eda muy simple!<\/p>\n<p style=\"text-align: justify;\">Quiero poner la mente en blanco y desconectar de todo, las vacaciones las quiero para relajarme\u2026 \u00a1solo unos d\u00edas al a\u00f1o! Este a\u00f1o \u00edbamos por buen camino: Hemos alquilado una casita a orillas del mar en una calita de arena blanca y fina del Delta del Ebro\u2026 cierras los ojos y sientes el sonido del agua y el canto de las aves&#8230; LA PAZ EN ESTADO PURO.<\/p>\n<p style=\"text-align: justify;\">Pero, \u00bfqu\u00e9 pasa? Suena el m\u00f3vil (no s\u00e9 por qu\u00e9 no lo ten\u00eda apagado), ostras, \u00bfahora qui\u00e9n ser\u00e1? No\u2026 no\u2026 con el bien que estaba\u2026 no\u2026. no\u2026 por favor, \u00bfqu\u00e9 hago? \u00bfContesto? No\u2026 no\u2026 \u00a1no contesto! Uffff es del trabajo\u2026 justo se ha roto toda la magia&#8230;<\/p>\n<p style=\"text-align: justify;\">Es mi jefe, disculp\u00e1ndose una y mil veces, me pide que vaya ma\u00f1ana para resolver un imprevisto urgente, no hay nadie m\u00e1s al trabajo\u2026 y yo me pregunto: \u00bfpor qu\u00e9 siempre me toca a m\u00ed? Que vamos a hacer, no se puede ser imprescindible\u2026<\/p>\n<p style=\"text-align: justify;\">A hacer pu\u00f1etas el efecto verano\u2026 si, ya s\u00e9 que solo es un d\u00eda, pero \u00a1estaba tan bien! La \u00fanica ilusi\u00f3n que me queda es pensar en Marvi\u2026 en su servicio. Seguro que encontrar\u00e9 fruta fresca y un buen refresco de naranja en la m\u00e1quina para pasar mejor el d\u00eda\u2026 \u00a1hay que ser positivos!<\/p>\n<p style=\"text-align: justify;\">En <a href=\"https:\/\/www.marvi93.com\/es\/quienes-somos\/\" target=\"_blank\" rel=\"noopener noreferrer\"><strong>Marvi 93<\/strong><\/a> velamos por tu salud y estar a la \u00faltima para poder facilitar a nuestros clientes un servicio f\u00e1cil, c\u00f3modo y de calidad. Os recordamos que tenemos a disposici\u00f3n de nuestros clientes nuestros <strong>servicios de <a href=\"https:\/\/www.marvi93.com\/es\/vending-es\/\" target=\"_blank\" rel=\"noopener noreferrer\">vending<\/a>, <a href=\"https:\/\/www.marvi93.com\/es\/catering-es\/\" target=\"_blank\" rel=\"noopener noreferrer\">catering<\/a> y <a href=\"https:\/\/www.marvi93.com\/es\/tienda\/\" target=\"_blank\" rel=\"noopener noreferrer\">men\u00fas para empresas.<\/a><\/strong><\/p>\n<p style=\"text-align: justify;\">Marvi 93<\/p>\n<p style=\"text-align: justify;\">Cervell\u00f3, 3 de septiembre de 2019<\/p>\n","protected":false},"excerpt":{"rendered":"<p>Los estresantes d\u00edas de invierno, el trabajo, el gimnasio, los extraescolares de los ni\u00f1os, la rutina en casa, las salidas de fin de semana, las confidencias de las amigas\u2026 es gratificante, pero tambi\u00e9n muy y muy estresante\u2026 Uff!! Es un placer pensar en \u201cno pensar en nada\u2026 \u00a1nada de nada!\u201c esto es lo que pretendo [&hellip;]<\/p>\n","protected":false},"author":60,"featured_media":13833,"comment_status":"open","ping_status":"open","sticky":false,"template":"","format":"standard","meta":[],"categories":[195],"tags":[],"_links":{"self":[{"href":"https:\/\/www.marvi93.com\/es\/wp-json\/wp\/v2\/posts\/13834"}],"collection":[{"href":"https:\/\/www.marvi93.com\/es\/wp-json\/wp\/v2\/posts"}],"about":[{"href":"https:\/\/www.marvi93.com\/es\/wp-json\/wp\/v2\/types\/post"}],"author":[{"embeddable":true,"href":"https:\/\/www.marvi93.com\/es\/wp-json\/wp\/v2\/users\/60"}],"replies":[{"embeddable":true,"href":"https:\/\/www.marvi93.com\/es\/wp-json\/wp\/v2\/comments?post=13834"}],"version-history":[{"count":1,"href":"https:\/\/www.marvi93.com\/es\/wp-json\/wp\/v2\/posts\/13834\/revisions"}],"predecessor-version":[{"id":24074,"href":"https:\/\/www.marvi93.com\/es\/wp-json\/wp\/v2\/posts\/13834\/revisions\/24074"}],"wp:featuredmedia":[{"embeddable":true,"href":"https:\/\/www.marvi93.com\/es\/wp-json\/wp\/v2\/media\/13833"}],"wp:attachment":[{"href":"https:\/\/www.marvi93.com\/es\/wp-json\/wp\/v2\/media?parent=13834"}],"wp:term":[{"taxonomy":"category","embeddable":true,"href":"https:\/\/www.marvi93.com\/es\/wp-json\/wp\/v2\/categories?post=13834"},{"taxonomy":"post_tag","embeddable":true,"href":"https:\/\/www.marvi93.com\/es\/wp-json\/wp\/v2\/tags?post=13834"}],"curies":[{"name":"wp","href":"https:\/\/api.w.org\/{rel}","templated":true}]}}