
{"id":19554,"date":"2020-05-20T09:30:54","date_gmt":"2020-05-20T07:30:54","guid":{"rendered":"https:\/\/www.marvi93.com\/?p=19554"},"modified":"2021-11-19T10:15:20","modified_gmt":"2021-11-19T09:15:20","slug":"hora-de-los-productos-de-proximidad","status":"publish","type":"post","link":"https:\/\/www.marvi93.com\/es\/hora-de-los-productos-de-proximidad\/","title":{"rendered":"Hora de los productos de proximidad"},"content":{"rendered":"<p style=\"text-align: justify;\">Con la llegada de la primavera es casi obligado los cambios de h\u00e1bitos alimentarios. El incremento de horas solares, necesitamos una alimentaci\u00f3n m\u00e1s ligera y con ingredientes frescos y refrescantes favorecemos nuestra digesti\u00f3n.<\/p>\n<p style=\"text-align: justify;\">Nuestros agricultores est\u00e1n trabajando el campo en momentos tan dif\u00edciles como los que estamos viviendo y nos hacen llegar productos b\u00e1sicos y esenciales. \u00a1Reivindiqu\u00e9moslos! Aplaudamos tambi\u00e9n su gesti\u00f3n al mismo tiempo que valoramos la tarea indiscutible de nuestros sanitarios y de todas las empresas esenciales, que en estos momentos est\u00e1n apoyando incondicionalmente a toda la sociedad.<\/p>\n<p style=\"text-align: justify;\">Ser\u00eda bueno pensar un poquito en ellos, en aquellos campesinos que trabajan tambi\u00e9n con dificultades para tener la cosecha a punto para nosotros. Intentemos consumir en el d\u00eda a d\u00eda y de manera continuada sus productos de proximidad, de origen cercano, as\u00ed como apoyar a todas las empresas que de forma habitual colaboramos estrechamente con todos ellos.<\/p>\n<p style=\"text-align: justify;\">En\u00a0<strong><a href=\"https:\/\/www.marvi93.com\/es\/\" target=\"_blank\" rel=\"noopener noreferrer\">Marvi\u00a093<\/a> <\/strong>nos hemos definido desde su creaci\u00f3n como el \u201d<em>Vending<\/em>\u00a0de proximidad\u201d. Hemos hecho de nuestro eslogan, nuestra manera de actuar, de potenciar desde el primer d\u00eda los productos de proximidad, adquiriendo en origen las mercanc\u00edas de nuestros agricultores.<\/p>\n<p style=\"text-align: justify;\">Es este el motivo por el cual hemos elaborado unas ensaladas con productos primarios y de proximidad, km.0 para todos vosotros y como siempre con excelentes precios, para qu\u00e9 pod\u00e1is consumir al mismo tiempo que \u201cmord\u00e1is\u201d salud.<\/p>\n<p style=\"text-align: justify;\">\u00a1Os invitamos a disfrutar de la naturaleza y de los productos que nos da la tierra!<\/p>\n<p style=\"text-align: justify;\">Marvi\u00a093<br \/>\nCervell\u00f3, 20 de mayo de 2020<\/p>\n","protected":false},"excerpt":{"rendered":"<p>Con la llegada de la primavera es casi obligado los cambios de h\u00e1bitos alimentarios. El incremento de horas solares, necesitamos una alimentaci\u00f3n m\u00e1s ligera y con ingredientes frescos y refrescantes favorecemos nuestra digesti\u00f3n. Nuestros agricultores est\u00e1n trabajando el campo en momentos tan dif\u00edciles como los que estamos viviendo y nos hacen llegar productos b\u00e1sicos y [&hellip;]<\/p>\n","protected":false},"author":60,"featured_media":19551,"comment_status":"open","ping_status":"open","sticky":false,"template":"","format":"standard","meta":[],"categories":[66],"tags":[],"_links":{"self":[{"href":"https:\/\/www.marvi93.com\/es\/wp-json\/wp\/v2\/posts\/19554"}],"collection":[{"href":"https:\/\/www.marvi93.com\/es\/wp-json\/wp\/v2\/posts"}],"about":[{"href":"https:\/\/www.marvi93.com\/es\/wp-json\/wp\/v2\/types\/post"}],"author":[{"embeddable":true,"href":"https:\/\/www.marvi93.com\/es\/wp-json\/wp\/v2\/users\/60"}],"replies":[{"embeddable":true,"href":"https:\/\/www.marvi93.com\/es\/wp-json\/wp\/v2\/comments?post=19554"}],"version-history":[{"count":1,"href":"https:\/\/www.marvi93.com\/es\/wp-json\/wp\/v2\/posts\/19554\/revisions"}],"predecessor-version":[{"id":29411,"href":"https:\/\/www.marvi93.com\/es\/wp-json\/wp\/v2\/posts\/19554\/revisions\/29411"}],"wp:featuredmedia":[{"embeddable":true,"href":"https:\/\/www.marvi93.com\/es\/wp-json\/wp\/v2\/media\/19551"}],"wp:attachment":[{"href":"https:\/\/www.marvi93.com\/es\/wp-json\/wp\/v2\/media?parent=19554"}],"wp:term":[{"taxonomy":"category","embeddable":true,"href":"https:\/\/www.marvi93.com\/es\/wp-json\/wp\/v2\/categories?post=19554"},{"taxonomy":"post_tag","embeddable":true,"href":"https:\/\/www.marvi93.com\/es\/wp-json\/wp\/v2\/tags?post=19554"}],"curies":[{"name":"wp","href":"https:\/\/api.w.org\/{rel}","templated":true}]}}